{"id":394,"date":"2017-05-25T14:55:59","date_gmt":"2017-05-25T18:55:59","guid":{"rendered":"http:\/\/ngif.mydev.ca\/?p=394\/"},"modified":"2017-06-28T09:32:48","modified_gmt":"2017-06-28T13:32:48","slug":"lassociation-canadienne-du-gaz-annonce-la-nomination-de-lexpert-canadien-des-technologies-propres-john-adams-au-poste-de-directeur-general-du-financement-de-linnovation-en-m","status":"publish","type":"post","link":"https:\/\/ngif.mydev.ca\/fr\/lassociation-canadienne-du-gaz-annonce-la-nomination-de-lexpert-canadien-des-technologies-propres-john-adams-au-poste-de-directeur-general-du-financement-de-linnovation-en-m\/","title":{"rendered":"L\u2019Association canadienne du gaz annonce la nomination de l\u2019expert canadien des technologies propres John Adams au poste de directeur g\u00e9n\u00e9ral du financement de l\u2019innovation en mati\u00e8re de gaz naturel"},"content":{"rendered":"<p><strong>Ottawa, 20 sept. 2016<\/strong><\/p>\n<p>L\u2019Association canadienne du gaz est heureuse d\u2019annoncer la nomination de John Adams au poste de directeur g\u00e9n\u00e9ral du financement de l\u2019innovation en mati\u00e8re de gaz naturel.<\/p>\n<p>\u00ab Je suis tr\u00e8s heureux que John ait rejoint notre organisation \u00bb, a d\u00e9clar\u00e9 Timothy M. Egan, pr\u00e9sident et chef de la direction de l\u2019Association canadienne du gaz. \u00ab John a une passion pour l&#8217;\u00e9nergie durable, une vaste exp\u00e9rience de l&#8217;industrie et une feuille de route impressionnante dans la cr\u00e9ation de partenariats entre le secteur priv\u00e9, le milieu universitaire et les gouvernements, au pays comme \u00e0 l&#8217;\u00e9tranger, pour faire avancer l\u2019innovation dans les technologies \u00e9nerg\u00e9tiques \u00bb .<\/p>\n<p>Les services publics de gaz naturel du Canada ont entrepris d\u2019importantes initiatives misant sur l&#8217;utilisation novatrice du gaz naturel \u00e0 prix abordable, propre, s\u00fbr et fiable et sur la vaste infrastructure de stockage et de distribution de cette ressource. Les efforts r\u00e9cents incluent le lancement d\u2019Innovation et technologie de l\u2019\u00e9nergie du Canada (ITEC), la cr\u00e9ation avec Technologies du d\u00e9veloppement durable Canada (TDDC) du Fonds DD de gaz naturel<sup>MC<\/sup>, en partenariat avec le Conseil national de recherches (CNRC), la signature d&#8217;un protocole d&#8217;entente canado-am\u00e9ricaine sur l&#8217;innovation technologique, un partenariat avec Canmet\u00c9nergie, et r\u00e9tablir un protocole d\u2019entente de 5 ans avec Ressources naturelles Canada.\u00a0 Ces partenariats ont, \u00e0 ce jour, donn\u00e9 lieu \u00e0 des investissements combin\u00e9s totalisant pr\u00e8s de 30 millions de dollars.<\/p>\n<p>\u00abLes entreprises de gaz naturel sont des innovatrices de longue date en ce qui concerne le soutien \u00e0 une meilleure performance environnementale et \u00e0 l&#8217;am\u00e9lioration de l&#8217;efficacit\u00e9 \u00e9nerg\u00e9tique dans les technologies d\u2019utilisation finale de l\u2019\u00e9nergie.\u00a0 Les distributeurs de gaz naturel du Canada sont \u00e0 la recherche de possibilit\u00e9s pour d\u00e9velopper davantage d\u2019innovations offrant \u00e0 tous les Canadiens des avantages \u00e9conomiques, environnementaux et sanitaires, a d\u00e9clar\u00e9 M. Egan.\u00a0 Nous voulons miser sur nos succ\u00e8s\u00a0 et John aura un r\u00f4le important pour nous aider \u00e0 atteindre cet objectif \u00bb.<\/p>\n<p>Plusieurs technologies int\u00e9ressent les services publics de gaz naturel compte tenu de leur capacit\u00e9 de livrer \u00e0 leurs abonn\u00e9s une \u00e9nergie plus propre et abordable. Les domaines d&#8217;int\u00e9r\u00eat particulier comprennent: le gaz naturel renouvelable (GNR), la r\u00e9cup\u00e9ration de CO<sub>2<\/sub>, de gaz naturel renouvelable (GNL) et le gaz naturel comprim\u00e9 (GNC) pour les communaut\u00e9s nordiques et \u00e9loign\u00e9es, les v\u00e9hicules \u00e0 gaz naturel, les syst\u00e8mes d&#8217;\u00e9nergie distribu\u00e9e, la production combin\u00e9e de chaleur et d&#8217;\u00e9lectricit\u00e9 (cog\u00e9n\u00e9ration et microcog\u00e9n\u00e9ration), l&#8217;efficacit\u00e9 \u00e9nerg\u00e9tique industrielle et la conversion d\u2019\u00e9lectricit\u00e9 en gaz.<\/p>\n<p>\u00ab Je suis tr\u00e8s heureux de me joindre \u00e0 l\u2019ACG et je suis impatient de d\u00e9velopper l\u2019approche globale de l\u2019industrie et des gouvernements pour travailler avec les services publics de gaz naturel, les entreprises de technologies propres, les gouvernements, le milieu universitaire et d&#8217;autres partenaires ayant des int\u00e9r\u00eats similaires, a d\u00e9clar\u00e9 M. Adams.\u00a0 L\u2019ACG offre une combinaison id\u00e9ale d\u2019encadrement, de relations et de partenaires et j\u2019ai bien h\u00e2te de commencer \u00e0 construire un programme d&#8217;innovation encore plus fructueux \u00bb.<\/p>\n<p><strong>John Adams<\/strong><\/p>\n<p>John Adams compte plus de 25 ans de carri\u00e8re dans les technologies et l\u2019\u00e9nergie propres de m\u00eame qu\u2019une exp\u00e9rience connexe de l\u2019industrie. Il a \u00e9t\u00e9 recrut\u00e9 par l\u2019ACG apr\u00e8s cinq ans aupr\u00e8s de TDDC.\u00a0 Pendant son s\u00e9jour \u00e0 TDDC, John a recueilli pr\u00e8s de 40 millions de dollars par des accords de partenariat avec l&#8217;industrie et les organismes f\u00e9d\u00e9raux et provinciaux, il a men\u00e9 une s\u00e9rie de concours de financement nationaux, cr\u00e9\u00e9 un incubateur virtuel national, et a lanc\u00e9 un projet pilote pour un processus de demande simplifi\u00e9. Avant TDDC, John travaillait \u00e0 Mitsui &amp; Co. (Canada) Ltd. o\u00f9 il occupait des postes dans les domaines de l&#8217;infrastructure et du commerce international.<\/p>\n<p><strong>L\u2019ACG<\/strong><\/p>\n<p>L\u2019Association canadienne du gaz (ACG) est le porte-parole de l&#8217;industrie de distribution du gaz naturel du Canada. Ses membres sont des entreprises de distribution et de transport, des fabricants d&#8217;\u00e9quipement et d&#8217;autres fournisseurs de services.\u00a0 Le gaz naturel occupe une place centrale dans l\u2019approvisionnement \u00e9nerg\u00e9tique du Canada dont il comble 30 % des besoins.\u00a0 Aujourd&#8217;hui, plus de 6,7 millions d\u2019abonn\u00e9s repr\u00e9sentant plus de la moiti\u00e9 de la population canadienne comptent sur le gaz naturel pour le chauffage et l\u2019alimentation en \u00e9nergie des maisons, appartements, immeubles, entreprises, \u00e9coles et h\u00f4pitaux.<\/p>\n<p>Contactez-nous pour en savoir plus\u00a0:<\/p>\n<p>Paula Dunlop<br \/>\nDirectrice, affaires publiques et gouvernementales<br \/>\n<a href=\"http:\/\/www.cga.ca\/\" target=\"_blank\" rel=\"noopener noreferrer\">Canadian Gas Association<br \/>\n<\/a>613-748-0057, poste \u00a0341<br \/>\n613-614-3280<br \/>\n<a href=\"mailto:pdunlop@cga.ca\">pdunlop@cga.ca<br \/>\n<\/a><a href=\"http:\/\/www.cga.ca\" target=\"_blank\" rel=\"noopener noreferrer\">www.cga.ca<\/a><\/p>\n","protected":false},"excerpt":{"rendered":"<p>Ottawa, 20 sept. 2016 L\u2019Association canadienne du gaz est heureuse d\u2019annoncer la nomination de John Adams au poste de directeur g\u00e9n\u00e9ral du financement de l\u2019innovation en mati\u00e8re de gaz naturel. \u00ab Je suis tr\u00e8s heureux que John ait rejoint notre organisation \u00bb, a d\u00e9clar\u00e9 Timothy M. Egan, pr\u00e9sident et chef de la direction de l\u2019Association canadienne du gaz. \u00ab John &#8230; <\/p>\n<div><a href=\"https:\/\/ngif.mydev.ca\/fr\/lassociation-canadienne-du-gaz-annonce-la-nomination-de-lexpert-canadien-des-technologies-propres-john-adams-au-poste-de-directeur-general-du-financement-de-linnovation-en-m\/\" class=\"more-link\">Lire davantage<\/a><\/div>\n","protected":false},"author":1,"featured_media":0,"comment_status":"closed","ping_status":"closed","sticky":false,"template":"","format":"standard","meta":[],"categories":[3],"tags":[],"yoast_head":"<!-- This site is optimized with the Yoast SEO plugin v15.8 - https:\/\/yoast.com\/wordpress\/plugins\/seo\/ -->\n<meta name=\"robots\" content=\"noindex, follow, max-snippet:-1, max-image-preview:large, max-video-preview:-1\" \/>\n<meta property=\"og:locale\" content=\"fr_FR\" \/>\n<meta property=\"og:type\" content=\"article\" \/>\n<meta property=\"og:title\" content=\"L\u2019Association canadienne du gaz annonce la nomination de l\u2019expert canadien des technologies propres John Adams au poste de directeur g\u00e9n\u00e9ral du financement de l\u2019innovation en mati\u00e8re de gaz naturel - Natural Gas Innovation Fund\" \/>\n<meta property=\"og:description\" content=\"Ottawa, 20 sept. 2016 L\u2019Association canadienne du gaz est heureuse d\u2019annoncer la nomination de John Adams au poste de directeur g\u00e9n\u00e9ral du financement de l\u2019innovation en mati\u00e8re de gaz naturel. \u00ab Je suis tr\u00e8s heureux que John ait rejoint notre organisation \u00bb, a d\u00e9clar\u00e9 Timothy M. Egan, pr\u00e9sident et chef de la direction de l\u2019Association canadienne du gaz. \u00ab John ... Lire davantage\" \/>\n<meta property=\"og:url\" content=\"https:\/\/ngif.mydev.ca\/fr\/lassociation-canadienne-du-gaz-annonce-la-nomination-de-lexpert-canadien-des-technologies-propres-john-adams-au-poste-de-directeur-general-du-financement-de-linnovation-en-m\/\" \/>\n<meta property=\"og:site_name\" content=\"Natural Gas Innovation Fund\" \/>\n<meta property=\"article:published_time\" content=\"2017-05-25T18:55:59+00:00\" \/>\n<meta property=\"article:modified_time\" content=\"2017-06-28T13:32:48+00:00\" \/>\n<meta name=\"twitter:card\" content=\"summary_large_image\" \/>\n<meta name=\"twitter:label1\" content=\"Dur\u00e9e de lecture est.\">\n\t<meta name=\"twitter:data1\" content=\"4 minutes\">\n<script type=\"application\/ld+json\" class=\"yoast-schema-graph\">{\"@context\":\"https:\/\/schema.org\",\"@graph\":[{\"@type\":\"WebSite\",\"@id\":\"https:\/\/ngif.mydev.ca\/#website\",\"url\":\"https:\/\/ngif.mydev.ca\/\",\"name\":\"Natural Gas Innovation Fund\",\"description\":\"Just another WordPress site\",\"potentialAction\":[{\"@type\":\"SearchAction\",\"target\":\"https:\/\/ngif.mydev.ca\/?s={search_term_string}\",\"query-input\":\"required name=search_term_string\"}],\"inLanguage\":\"fr-FR\"},{\"@type\":\"WebPage\",\"@id\":\"https:\/\/ngif.mydev.ca\/fr\/lassociation-canadienne-du-gaz-annonce-la-nomination-de-lexpert-canadien-des-technologies-propres-john-adams-au-poste-de-directeur-general-du-financement-de-linnovation-en-m\/#webpage\",\"url\":\"https:\/\/ngif.mydev.ca\/fr\/lassociation-canadienne-du-gaz-annonce-la-nomination-de-lexpert-canadien-des-technologies-propres-john-adams-au-poste-de-directeur-general-du-financement-de-linnovation-en-m\/\",\"name\":\"L\\u2019Association canadienne du gaz annonce la nomination de l\\u2019expert canadien des technologies propres John Adams au poste de directeur g\\u00e9n\\u00e9ral du financement de l\\u2019innovation en mati\\u00e8re de gaz naturel - Natural Gas Innovation Fund\",\"isPartOf\":{\"@id\":\"https:\/\/ngif.mydev.ca\/#website\"},\"datePublished\":\"2017-05-25T18:55:59+00:00\",\"dateModified\":\"2017-06-28T13:32:48+00:00\",\"author\":{\"@id\":\"https:\/\/ngif.mydev.ca\/#\/schema\/person\/d68aa6004fb681957560ebb1562eb9e4\"},\"breadcrumb\":{\"@id\":\"https:\/\/ngif.mydev.ca\/fr\/lassociation-canadienne-du-gaz-annonce-la-nomination-de-lexpert-canadien-des-technologies-propres-john-adams-au-poste-de-directeur-general-du-financement-de-linnovation-en-m\/#breadcrumb\"},\"inLanguage\":\"fr-FR\",\"potentialAction\":[{\"@type\":\"ReadAction\",\"target\":[\"https:\/\/ngif.mydev.ca\/fr\/lassociation-canadienne-du-gaz-annonce-la-nomination-de-lexpert-canadien-des-technologies-propres-john-adams-au-poste-de-directeur-general-du-financement-de-linnovation-en-m\/\"]}]},{\"@type\":\"BreadcrumbList\",\"@id\":\"https:\/\/ngif.mydev.ca\/fr\/lassociation-canadienne-du-gaz-annonce-la-nomination-de-lexpert-canadien-des-technologies-propres-john-adams-au-poste-de-directeur-general-du-financement-de-linnovation-en-m\/#breadcrumb\",\"itemListElement\":[{\"@type\":\"ListItem\",\"position\":1,\"item\":{\"@type\":\"WebPage\",\"@id\":\"https:\/\/ngif.mydev.ca\/fr\/\",\"url\":\"https:\/\/ngif.mydev.ca\/fr\/\",\"name\":\"Home\"}},{\"@type\":\"ListItem\",\"position\":2,\"item\":{\"@type\":\"WebPage\",\"@id\":\"https:\/\/ngif.mydev.ca\/fr\/lassociation-canadienne-du-gaz-annonce-la-nomination-de-lexpert-canadien-des-technologies-propres-john-adams-au-poste-de-directeur-general-du-financement-de-linnovation-en-m\/\",\"url\":\"https:\/\/ngif.mydev.ca\/fr\/lassociation-canadienne-du-gaz-annonce-la-nomination-de-lexpert-canadien-des-technologies-propres-john-adams-au-poste-de-directeur-general-du-financement-de-linnovation-en-m\/\",\"name\":\"L\\u2019Association canadienne du gaz annonce la nomination de l\\u2019expert canadien des technologies propres John Adams au poste de directeur g\\u00e9n\\u00e9ral du financement de l\\u2019innovation en mati\\u00e8re de gaz naturel\"}}]},{\"@type\":\"Person\",\"@id\":\"https:\/\/ngif.mydev.ca\/#\/schema\/person\/d68aa6004fb681957560ebb1562eb9e4\",\"name\":\"super_admin\"}]}<\/script>\n<!-- \/ Yoast SEO plugin. -->","_links":{"self":[{"href":"https:\/\/ngif.mydev.ca\/fr\/wp-json\/wp\/v2\/posts\/394"}],"collection":[{"href":"https:\/\/ngif.mydev.ca\/fr\/wp-json\/wp\/v2\/posts"}],"about":[{"href":"https:\/\/ngif.mydev.ca\/fr\/wp-json\/wp\/v2\/types\/post"}],"author":[{"embeddable":true,"href":"https:\/\/ngif.mydev.ca\/fr\/wp-json\/wp\/v2\/users\/1"}],"replies":[{"embeddable":true,"href":"https:\/\/ngif.mydev.ca\/fr\/wp-json\/wp\/v2\/comments?post=394"}],"version-history":[{"count":1,"href":"https:\/\/ngif.mydev.ca\/fr\/wp-json\/wp\/v2\/posts\/394\/revisions"}],"predecessor-version":[{"id":395,"href":"https:\/\/ngif.mydev.ca\/fr\/wp-json\/wp\/v2\/posts\/394\/revisions\/395"}],"wp:attachment":[{"href":"https:\/\/ngif.mydev.ca\/fr\/wp-json\/wp\/v2\/media?parent=394"}],"wp:term":[{"taxonomy":"category","embeddable":true,"href":"https:\/\/ngif.mydev.ca\/fr\/wp-json\/wp\/v2\/categories?post=394"},{"taxonomy":"post_tag","embeddable":true,"href":"https:\/\/ngif.mydev.ca\/fr\/wp-json\/wp\/v2\/tags?post=394"}],"curies":[{"name":"wp","href":"https:\/\/api.w.org\/{rel}","templated":true}]}}